{"id":8840,"date":"2026-08-25T21:43:08","date_gmt":"2026-08-25T19:43:08","guid":{"rendered":"https:\/\/www.atleticafollonica.it\/?p=8840"},"modified":"2026-08-28T21:53:42","modified_gmt":"2026-08-28T19:53:42","slug":"2026-08-23-raduno-fidal-e-formazione-tecnica","status":"publish","type":"post","link":"https:\/\/www.atleticafollonica.it\/index.php\/2026\/08\/25\/2026-08-23-raduno-fidal-e-formazione-tecnica\/","title":{"rendered":"2026.08.23 &#8211; RADUNO FIDAL E FORMAZIONE TECNICA"},"content":{"rendered":"\n<p class=\"wp-block-paragraph\">Arezzo.<\/p>\n\n\n\n<p class=\"wp-block-paragraph\">Formazione e attivit\u00e0 sul campo: l\u2019Atletica Follonica al raduno FIDAL Toscana<br>\u00c8 iniziato domenica mattina il raduno estivo FIDAL Toscana per le categorie Cadetti e Allievi. Per l\u2019Atletica Follonica \u00e8 presente Elisa Faucci, in qualit\u00e0 di collaboratore dello staff tecnico regionale, per il settore mezzofondo.<br>Nel pomeriggio si \u00e8 svolto un convegno di aggiornamento tecnico presieduto da Vincenzo De Luca, responsabile del settore ostacoli della nazionale italiana. All\u2019incontro, incentrato sull\u2019analisi biomeccanica della corsa, hanno partecipato i nostri tecnici Claudio Guccini, Marco Mattesini e la stessa Elisa Faucci. Anche dopo anni di esperienza sul campo, l\u2019aggiornamento continuo resta il mezzo migliore per migliorarsi.<\/p>\n\n\n\n<figure class=\"wp-block-gallery has-nested-images columns-default is-cropped wp-block-gallery-1 is-layout-flex wp-block-gallery-is-layout-flex\"><\/figure>\n","protected":false},"excerpt":{"rendered":"<p>Arezzo. Formazione e attivit\u00e0 sul campo: l\u2019Atletica Follonica al raduno FIDAL Toscana\u00c8 iniziato domenica mattina il raduno estivo FIDAL Toscana per le categorie Cadetti e Allievi. Per l\u2019Atletica Follonica \u00e8 [&hellip;]<\/p>\n","protected":false},"author":2,"featured_media":8841,"comment_status":"open","ping_status":"open","sticky":false,"template":"","format":"standard","meta":{"footnotes":"","_rishi_post_view_count":39},"categories":[30,1],"tags":[],"class_list":["post-8840","post","type-post","status-publish","format-standard","has-post-thumbnail","hentry","category-in-evidenza","category-news","rishi-post"],"rishi__cb_customizer_meta":"","comments_count":"0","_links":{"self":[{"href":"https:\/\/www.atleticafollonica.it\/index.php\/wp-json\/wp\/v2\/posts\/8840","targetHints":{"allow":["GET"]}}],"collection":[{"href":"https:\/\/www.atleticafollonica.it\/index.php\/wp-json\/wp\/v2\/posts"}],"about":[{"href":"https:\/\/www.atleticafollonica.it\/index.php\/wp-json\/wp\/v2\/types\/post"}],"author":[{"embeddable":true,"href":"https:\/\/www.atleticafollonica.it\/index.php\/wp-json\/wp\/v2\/users\/2"}],"replies":[{"embeddable":true,"href":"https:\/\/www.atleticafollonica.it\/index.php\/wp-json\/wp\/v2\/comments?post=8840"}],"version-history":[{"count":1,"href":"https:\/\/www.atleticafollonica.it\/index.php\/wp-json\/wp\/v2\/posts\/8840\/revisions"}],"predecessor-version":[{"id":8842,"href":"https:\/\/www.atleticafollonica.it\/index.php\/wp-json\/wp\/v2\/posts\/8840\/revisions\/8842"}],"wp:featuredmedia":[{"embeddable":true,"href":"https:\/\/www.atleticafollonica.it\/index.php\/wp-json\/wp\/v2\/media\/8841"}],"wp:attachment":[{"href":"https:\/\/www.atleticafollonica.it\/index.php\/wp-json\/wp\/v2\/media?parent=8840"}],"wp:term":[{"taxonomy":"category","embeddable":true,"href":"https:\/\/www.atleticafollonica.it\/index.php\/wp-json\/wp\/v2\/categories?post=8840"},{"taxonomy":"post_tag","embeddable":true,"href":"https:\/\/www.atleticafollonica.it\/index.php\/wp-json\/wp\/v2\/tags?post=8840"}],"curies":[{"name":"wp","href":"https:\/\/api.w.org\/{rel}","templated":true}]}}